{"id":23297,"date":"2026-04-29T18:33:49","date_gmt":"2026-04-29T16:33:49","guid":{"rendered":"https:\/\/www.cittainformatica.it\/?p=23297"},"modified":"2026-02-24T12:51:56","modified_gmt":"2026-02-24T11:51:56","slug":"fios-para-artesanato-2","status":"publish","type":"post","link":"https:\/\/www.cittainformatica.it\/?p=23297","title":{"rendered":"Fios para Artesanato"},"content":{"rendered":"<div id=\"toc\" style=\"background: #f9f9f9;border: 1px solid #aaa;margin-bottom: 1em;padding: 1em;width: 350px\">\n<p class=\"toctitle\" style=\"font-weight: 700;text-align: center\">Content<\/p>\n<ul class=\"toc_list\">\n<li><a href=\"#toc-1\">Cord\u00e3o para \u00f3culos CD002 C2 &#8211; prateado<\/a><\/li>\n<li><a href=\"#toc-2\">Para a praia ou piscina, opte por materiais que n\u00e3o danificam com a \u00e1gua<\/a><\/li>\n<li><a href=\"#toc-4\">O seu novo estilo. Os seus novos \u00f3culos.<\/a><\/li>\n<\/ul>\n<\/div>\n<p>Corte o fio na medida que quer &#8211; normalmente utilizamos entre 60 a 70 cm de fio; Como s\u00e3o posicionados os an\u00fancios? Alerta de qualidade leites Aptamil.<\/p>\n<p>As descri\u00e7\u00f5es seguintes mostram como realizar pequenos ajustes ou repara\u00e7\u00f5es que o podem ajudar na utiliza\u00e7\u00e3o cont\u00ednua dos sues \u00f3culos ou \u00f3culos de sol. Com o uso, os nossos \u00f3culos e \u00f3culos de sol, podem necessitar de pequenos ajustes ou repara\u00e7\u00f5es, mas n\u00e3o se preocupe, mostrar-lhe-emos como os pode reparar. Se encontrou este guia \u00fatil, considere compartilh\u00e1-lo nas redes sociais e inspirar outros a valorizar tanto a moda quanto a funcionalidade dos acess\u00f3rios de \u00f3culos. Adotar um cord\u00e3o de croch\u00ea para \u00f3culos \u00e9 escolher um acess\u00f3rio que balanceia estilo e funcionalidade. O cord\u00e3o de croch\u00ea para \u00f3culos Encanto \u00e9 mais do que um simples acess\u00f3rio \u2013 \u00e9 uma combina\u00e7\u00e3o perfeita de estilo e funcionalidade que eleva seus \u00f3culos a um novo n\u00edvel de eleg\u00e2ncia.<\/p>\n<h2 id=\"toc-0\">Nenhum produto encontrado<\/h2>\n<p>Os valores podem variar dependendo da marca e do estilo da cordinha de \u00f3culos. Por \u00faltimo, uma \u00f3tima dica para quem tem \u00f3culos com arma\u00e7\u00e3o em tons mais neutros, como da cor nude, \u00e9 usar uma cordinha mais colorida! Ali\u00e1s, uma boa inspira\u00e7\u00e3o \u00e9 usar a cordinha de \u00f3culos pendurada no pesco\u00e7o, um estilo mais cl\u00e1ssico, ou pendurada na frente, como uma al\u00e7a de chap\u00e9u!<\/p>\n<h3 id=\"toc-1\">Cord\u00e3o para \u00f3culos CD002 C2 &#8211; prateado<\/h3>\n<p>\u2022 Orienta\u00e7\u00f5es emitidas pelas autoridades de prote\u00e7\u00e3o de dados competentes. Um cookie \u00e9 um elemento de dados que um site pode enviar ao seu navegador, e este armazenar no seu sistema. \u2022 Atrav\u00e9s do seu interesse em an\u00fancios dos servi\u00e7os Sintimex, colocados em site de terceiros; Estes acess\u00f3rios ajudam a manter os \u00f3culos limpos, bem acondicionados e sempre prontos a usar, tanto em casa como em viagens. Um bom cuidado di\u00e1rio evita riscos nas lentes, danos na arma\u00e7\u00e3o e desgaste prematuro, garantindo maior conforto e seguran\u00e7a no uso di\u00e1rio. Al\u00e9m disso, se voc\u00ea est\u00e1 querendo um novo par de \u00f3culos ou precisa trocar as suas lentes atuais, a Lenscope pode ajudar!<\/p>\n<p>Com os acess\u00f3rios Nooz, encontre os seus \u00f3culos de leitura onde precisar deles! Na Eyewearbeyond, somos especialistas em \u00f3culos de grau e \u00f3culos de sol feitos sob medida que se encaixam em suas especifica\u00e7\u00f5es. Informe-nos sobre seu projeto, cronograma e metas de quantidade \u2014 e n\u00f3s criaremos a solu\u00e7\u00e3o de fornecimento de n\u00facleo de fio de acordo com voc\u00ea. At \u00d3culos Al\u00e9m, trabalhamos com grandes marcas e empresas de \u00f3culos boutique \u2014 o que significa que nossa cadeia de suprimentos \u00e9 constru\u00edda para oferecer flexibilidade sem comprometer a qualidade. Com MOQ baixo a partir de 5,000 pe\u00e7as e suporte para ferramentas personalizadas, o EyewearBeyond torna mais f\u00e1cil transformar seu n\u00facleo de fio em um verdadeiro assinatura da marca.<\/p>\n<h3 id=\"toc-2\">Para a praia ou piscina, opte por materiais que n\u00e3o danificam com a \u00e1gua<\/h3>\n<p>A consultora de estilo Danyla Borobia diz que, especialmente nesse caso, deve-se pensar bem no conforto e no cuidado com o manuseio. Esse estilo, no geral, tem tudo para ser glamuroso e sofisticado. As cordas geralmente v\u00eam em cores neutras, o que faz delas \u00f3timas pe\u00e7as para usar com \u00f3culos ornamentados, coloridos ou que fogem do lugar comum. A consultora de estilo d\u00e1 a dica de coordenar as correntes em tons neutros com looks monocrom\u00e1ticos, o que deixa a produ\u00e7\u00e3o elegante e sofisticada. \u201cO uso de outros acess\u00f3rios n\u00e3o \u00e9 proibido, mas vale ressaltar que menos \u00e9 mais.\u201d, ressalta a consultora. Danyla ainda lembra que as correntes s\u00e3o acess\u00f3rios como colares e brincos e que deve-se tomar cuidado para o visual n\u00e3o ficar muito carregado.<\/p>\n<p>Estamos dispon\u00edveis online, enviamos para todo o pa\u00eds, ilhas e europa, encomendas em -las.com\/lojaTemos tamb\u00e9m lojas fisicas em Mafra e Ericeira,visite-nos! Esteja atenta ao sitee siga-nos nas redes sociais.Ver WORKSHOPS Correia el\u00e1stica para segurar os \u00f3culos ao pesco\u00e7o, impedindo quedas acidentais; Se tem uma cole\u00e7\u00e3o de \u00f3culos, \u00e9 importante mant\u00ea-los organizados e protegidos. Ou se quiser, para descobrir um estilo novo. Encontre respostas para as suas d\u00favidas sobre arma\u00e7\u00f5es.<\/p>\n<p>Cordinha de \u00f3culos hoje \u00e9 sin\u00f4nimo de estilo! \u00c0s vezes esquecemos de cuidar e de limpar os nossos \u00f3culos e acess\u00f3rios, como as cordinhas. De maneira bem simples e com poucos materiais voc\u00ea consegue criar esse acess\u00f3rio da moda e sair j\u00e1 usando ele com o seu \u00f3culos! Voc\u00ea pode comprar a sua cordinha de \u00f3culos em v\u00e1rios sites, como Americanas, Riachuelo, C&amp;A, Magazine Luiza, entre outros. Veja 15 Lojas no instagram para comprar arma\u00e7\u00f5es e acess\u00f3rios com seguran\u00e7a.<\/p>\n<ul>\n<li>Pessoalmente, adorei, h\u00e1 muitas possibilidades de cortar, marcar, materiais bicolor, madeiras diferentes\u2026 e os resultados dos \u00f3culos, uma vez adicionadas as dobradi\u00e7as, s\u00e3o espetaculares.<\/li>\n<li>Guarde o pano em uma capa limpa para que a poeira n\u00e3o volte para as lentes.<\/li>\n<li>Cordinha de \u00f3culos hoje \u00e9 sin\u00f4nimo de estilo!<\/li>\n<li>A consultora de estilo diz que os materiais mais encontrados s\u00e3o o acetato e o pl\u00e1stico, o que \u00e9 \u00f3timo, j\u00e1 que esses materiais s\u00e3o leves.<\/li>\n<li>Cuidados para a barba<\/li>\n<li>Al\u00e9m disso, sua maleabilidade o torna menos propenso a quebrar ou dobrar sob impacto, sendo uma op\u00e7\u00e3o perfeita tamb\u00e9m para aqueles propensos a deixar seus \u00f3culos cair com frequ\u00eancia.<\/li>\n<\/ul>\n<h2 id=\"toc-5\">Estojo para \u00f3culos com corte a laser<\/h2>\n<p>Fios para \u00f3culos com florzinhasT\u00e3o fofos que d\u00e1 vontade de usar mesmo sem precisar de \u00f3culos! Adapta-se a todo o tipo de \u00f3culos.Tamb\u00e9m pode ser utilizado em m\u00e1scaras&#8230; Junte as pe\u00e7as que agarram os \u00f3culos ao terminal utilizando uma argola de liga\u00e7\u00e3o (daquelas que abrem).<\/p>\n<p>Por exemplo, n\u00e3o precisa exagerar no tamanho do brinco, na verdade, voc\u00ea pode at\u00e9 descartar o uso deles com uma cordinha de \u00f3culos mais grossa, com cores vibrantes. Em primeiro lugar, sugerimos que voc\u00ea pense em cordinhas mais delicadas quando quiser apostar em outros acess\u00f3rios, como brincos grandes, presilhas de cabelo ou at\u00e9 um colar. J\u00e1 que voltou a moda da cordinha de \u00f3culos, nada melhor ent\u00e3o do que saber como usar, n\u00e3o \u00e9 mesmo? \u00c9 um acess\u00f3rio muito funcional, afinal, ajuda a segurar o \u00f3culos e deix\u00e1-lo suspenso caso a gente tire por um momento do rosto, sem o risco de perd\u00ea-los. Ent\u00e3o dessa forma, o item transformou o modo de usar \u00f3culos, deixando mais charmoso, sofisticado e at\u00e9 ousado.<\/p>\n<p>Na Optivis\u00e3o, encontra uma variedade de marcas e modelos de arma\u00e7\u00f5es para \u00f3culos graduados, para escolher a mais adequada ao formato do seu rosto, estilo de vida e personalidade. Descubra os melhores an\u00fancios de fios \u00f3culos em OLX Portugal. Os n\u00facleos dos fios s\u00e3o embalados em rolos ou bandejas agrupados, protegido contra umidade e etiquetado por tamanho\/modelo para f\u00e1cil montagem em sua f\u00e1brica. Para cole\u00e7\u00f5es de acetato transparente, onde o design do n\u00facleo do fio \u00e9 vis\u00edvel, recomendamos come\u00e7ar com n\u00facleos personalizados gravados ou coloridos para dar suporte \u00e0 identidade da sua marca \u2014 mesmo em pequenos lotes. Os n\u00facleos dos fios s\u00e3o considerados componente semiacabado, frequentemente produzidos em processos de usinagem em lote.<\/p>\n<p>Como uma marca de arma\u00e7\u00f5es, atacadista ou fabricante de \u00f3culos, escolher um fornecedor confi\u00e1vel e experiente de n\u00facleos de fios \u00e9 a chave para alcan\u00e7ar ajuste, desempenho e efici\u00eancia de produ\u00e7\u00e3o consistentes. Os n\u00facleos dos fios devem se encaixam perfeitamente dentro das ranhuras das arma\u00e7\u00f5es de acetato ou moldadas. Os n\u00facleos dos fios podem ser pequenos, mas seu desempenho afeta diretamente a durabilidade, a ajustabilidade e a seguran\u00e7a de cada arma\u00e7\u00e3o de \u00f3culos. O a\u00e7o inoxid\u00e1vel \u00e9 um dos materiais mais utilizados para n\u00facleos de fios devido \u00e0 sua for\u00e7a, propriedades antiferrugem e custo acess\u00edvel. Quando se trata de n\u00facleos de fios, a sele\u00e7\u00e3o de materiais \u00e9 tudo \u2014 afeta a forma como seus \u00f3culos podem ser ajustados, sua durabilidade e a sensa\u00e7\u00e3o que eles proporcionam no uso di\u00e1rio. <a href=\"https:\/\/www.lojadoalfinete.pt\/\">aneis com pedra azul<\/a> Normalmente feito de materiais como a\u00e7o inoxid\u00e1vel, ferro niquelado, ou Resina, esses fios internos d\u00e3o estrutura e forma a materiais que de outra forma seriam flex\u00edveis, como acetato, TR90, ou pl\u00e1sticos moldados por inje\u00e7\u00e3o.<\/p>\n","protected":false},"excerpt":{"rendered":"<p>Content Cord\u00e3o para \u00f3culos CD002 C2 &#8211; prateado Para a praia ou piscina, opte por materiais que n\u00e3o danificam com a \u00e1gua O seu novo estilo. Os seus novos \u00f3culos. Corte o fio na medida que quer &#8211; normalmente utilizamos entre 60 a 70 cm de fio; Como s\u00e3o posicionados os an\u00fancios? Alerta de qualidade [&hellip;]<\/p>\n","protected":false},"author":2,"featured_media":0,"comment_status":"closed","ping_status":"open","sticky":false,"template":"","format":"standard","meta":{"footnotes":""},"categories":[1],"tags":[],"class_list":["post-23297","post","type-post","status-publish","format-standard","hentry","category-senza-categoria"],"yoast_head":"<!-- This site is optimized with the Yoast SEO plugin v20.9 - https:\/\/yoast.com\/wordpress\/plugins\/seo\/ -->\n<title>Fios para Artesanato - Citt\u00e0 Informatica<\/title>\n<meta name=\"robots\" content=\"index, follow, max-snippet:-1, max-image-preview:large, max-video-preview:-1\" \/>\n<link rel=\"canonical\" href=\"https:\/\/www.cittainformatica.it\/?p=23297\" \/>\n<meta property=\"og:locale\" content=\"it_IT\" \/>\n<meta property=\"og:type\" content=\"article\" \/>\n<meta property=\"og:title\" content=\"Fios para Artesanato - Citt\u00e0 Informatica\" \/>\n<meta property=\"og:description\" content=\"Content Cord\u00e3o para \u00f3culos CD002 C2 &#8211; prateado Para a praia ou piscina, opte por materiais que n\u00e3o danificam com a \u00e1gua O seu novo estilo. Os seus novos \u00f3culos. Corte o fio na medida que quer &#8211; normalmente utilizamos entre 60 a 70 cm de fio; Como s\u00e3o posicionados os an\u00fancios? Alerta de qualidade [&hellip;]\" \/>\n<meta property=\"og:url\" content=\"https:\/\/www.cittainformatica.it\/?p=23297\" \/>\n<meta property=\"og:site_name\" content=\"Citt\u00e0 Informatica\" \/>\n<meta property=\"article:published_time\" content=\"2026-04-29T16:33:49+00:00\" \/>\n<meta property=\"article:modified_time\" content=\"2026-02-24T11:51:56+00:00\" \/>\n<meta name=\"author\" content=\"prova\" \/>\n<meta name=\"twitter:card\" content=\"summary_large_image\" \/>\n<meta name=\"twitter:label1\" content=\"Scritto da\" \/>\n\t<meta name=\"twitter:data1\" content=\"prova\" \/>\n\t<meta name=\"twitter:label2\" content=\"Tempo di lettura stimato\" \/>\n\t<meta name=\"twitter:data2\" content=\"7 minuti\" \/>\n<script type=\"application\/ld+json\" class=\"yoast-schema-graph\">{\"@context\":\"https:\/\/schema.org\",\"@graph\":[{\"@type\":\"Article\",\"@id\":\"https:\/\/www.cittainformatica.it\/?p=23297#article\",\"isPartOf\":{\"@id\":\"https:\/\/www.cittainformatica.it\/?p=23297\"},\"author\":{\"name\":\"prova\",\"@id\":\"https:\/\/www.cittainformatica.it\/#\/schema\/person\/808167c782123662c036f006d886ea1f\"},\"headline\":\"Fios para Artesanato\",\"datePublished\":\"2026-04-29T16:33:49+00:00\",\"dateModified\":\"2026-02-24T11:51:56+00:00\",\"mainEntityOfPage\":{\"@id\":\"https:\/\/www.cittainformatica.it\/?p=23297\"},\"wordCount\":1450,\"publisher\":{\"@id\":\"https:\/\/www.cittainformatica.it\/#organization\"},\"inLanguage\":\"it-IT\"},{\"@type\":\"WebPage\",\"@id\":\"https:\/\/www.cittainformatica.it\/?p=23297\",\"url\":\"https:\/\/www.cittainformatica.it\/?p=23297\",\"name\":\"Fios para Artesanato - Citt\u00e0 Informatica\",\"isPartOf\":{\"@id\":\"https:\/\/www.cittainformatica.it\/#website\"},\"datePublished\":\"2026-04-29T16:33:49+00:00\",\"dateModified\":\"2026-02-24T11:51:56+00:00\",\"breadcrumb\":{\"@id\":\"https:\/\/www.cittainformatica.it\/?p=23297#breadcrumb\"},\"inLanguage\":\"it-IT\",\"potentialAction\":[{\"@type\":\"ReadAction\",\"target\":[\"https:\/\/www.cittainformatica.it\/?p=23297\"]}]},{\"@type\":\"BreadcrumbList\",\"@id\":\"https:\/\/www.cittainformatica.it\/?p=23297#breadcrumb\",\"itemListElement\":[{\"@type\":\"ListItem\",\"position\":1,\"name\":\"Home\",\"item\":\"https:\/\/www.cittainformatica.it\/\"},{\"@type\":\"ListItem\",\"position\":2,\"name\":\"Fios para Artesanato\"}]},{\"@type\":\"WebSite\",\"@id\":\"https:\/\/www.cittainformatica.it\/#website\",\"url\":\"https:\/\/www.cittainformatica.it\/\",\"name\":\"Citt\u00e0 Informatica\",\"description\":\"Punto vendita ufficiale SHC\",\"publisher\":{\"@id\":\"https:\/\/www.cittainformatica.it\/#organization\"},\"potentialAction\":[{\"@type\":\"SearchAction\",\"target\":{\"@type\":\"EntryPoint\",\"urlTemplate\":\"https:\/\/www.cittainformatica.it\/?s={search_term_string}\"},\"query-input\":\"required name=search_term_string\"}],\"inLanguage\":\"it-IT\"},{\"@type\":\"Organization\",\"@id\":\"https:\/\/www.cittainformatica.it\/#organization\",\"name\":\"Citt\u00e0 Informatica\",\"url\":\"https:\/\/www.cittainformatica.it\/\",\"logo\":{\"@type\":\"ImageObject\",\"inLanguage\":\"it-IT\",\"@id\":\"https:\/\/www.cittainformatica.it\/#\/schema\/logo\/image\/\",\"url\":\"http:\/\/www.cittainformatica.it\/wp-content\/uploads\/2022\/09\/logo-1.png\",\"contentUrl\":\"http:\/\/www.cittainformatica.it\/wp-content\/uploads\/2022\/09\/logo-1.png\",\"width\":301,\"height\":149,\"caption\":\"Citt\u00e0 Informatica\"},\"image\":{\"@id\":\"https:\/\/www.cittainformatica.it\/#\/schema\/logo\/image\/\"}},{\"@type\":\"Person\",\"@id\":\"https:\/\/www.cittainformatica.it\/#\/schema\/person\/808167c782123662c036f006d886ea1f\",\"name\":\"prova\",\"image\":{\"@type\":\"ImageObject\",\"inLanguage\":\"it-IT\",\"@id\":\"https:\/\/www.cittainformatica.it\/#\/schema\/person\/image\/\",\"url\":\"https:\/\/secure.gravatar.com\/avatar\/ee2cc47e552fbb3172e29f053d8e476a329c83547672f57abe52d45d8e6384ec?s=96&d=mm&r=g\",\"contentUrl\":\"https:\/\/secure.gravatar.com\/avatar\/ee2cc47e552fbb3172e29f053d8e476a329c83547672f57abe52d45d8e6384ec?s=96&d=mm&r=g\",\"caption\":\"prova\"},\"url\":\"https:\/\/www.cittainformatica.it\/?author=2\"}]}<\/script>\n<!-- \/ Yoast SEO plugin. -->","yoast_head_json":{"title":"Fios para Artesanato - Citt\u00e0 Informatica","robots":{"index":"index","follow":"follow","max-snippet":"max-snippet:-1","max-image-preview":"max-image-preview:large","max-video-preview":"max-video-preview:-1"},"canonical":"https:\/\/www.cittainformatica.it\/?p=23297","og_locale":"it_IT","og_type":"article","og_title":"Fios para Artesanato - Citt\u00e0 Informatica","og_description":"Content Cord\u00e3o para \u00f3culos CD002 C2 &#8211; prateado Para a praia ou piscina, opte por materiais que n\u00e3o danificam com a \u00e1gua O seu novo estilo. Os seus novos \u00f3culos. Corte o fio na medida que quer &#8211; normalmente utilizamos entre 60 a 70 cm de fio; Como s\u00e3o posicionados os an\u00fancios? Alerta de qualidade [&hellip;]","og_url":"https:\/\/www.cittainformatica.it\/?p=23297","og_site_name":"Citt\u00e0 Informatica","article_published_time":"2026-04-29T16:33:49+00:00","article_modified_time":"2026-02-24T11:51:56+00:00","author":"prova","twitter_card":"summary_large_image","twitter_misc":{"Scritto da":"prova","Tempo di lettura stimato":"7 minuti"},"schema":{"@context":"https:\/\/schema.org","@graph":[{"@type":"Article","@id":"https:\/\/www.cittainformatica.it\/?p=23297#article","isPartOf":{"@id":"https:\/\/www.cittainformatica.it\/?p=23297"},"author":{"name":"prova","@id":"https:\/\/www.cittainformatica.it\/#\/schema\/person\/808167c782123662c036f006d886ea1f"},"headline":"Fios para Artesanato","datePublished":"2026-04-29T16:33:49+00:00","dateModified":"2026-02-24T11:51:56+00:00","mainEntityOfPage":{"@id":"https:\/\/www.cittainformatica.it\/?p=23297"},"wordCount":1450,"publisher":{"@id":"https:\/\/www.cittainformatica.it\/#organization"},"inLanguage":"it-IT"},{"@type":"WebPage","@id":"https:\/\/www.cittainformatica.it\/?p=23297","url":"https:\/\/www.cittainformatica.it\/?p=23297","name":"Fios para Artesanato - Citt\u00e0 Informatica","isPartOf":{"@id":"https:\/\/www.cittainformatica.it\/#website"},"datePublished":"2026-04-29T16:33:49+00:00","dateModified":"2026-02-24T11:51:56+00:00","breadcrumb":{"@id":"https:\/\/www.cittainformatica.it\/?p=23297#breadcrumb"},"inLanguage":"it-IT","potentialAction":[{"@type":"ReadAction","target":["https:\/\/www.cittainformatica.it\/?p=23297"]}]},{"@type":"BreadcrumbList","@id":"https:\/\/www.cittainformatica.it\/?p=23297#breadcrumb","itemListElement":[{"@type":"ListItem","position":1,"name":"Home","item":"https:\/\/www.cittainformatica.it\/"},{"@type":"ListItem","position":2,"name":"Fios para Artesanato"}]},{"@type":"WebSite","@id":"https:\/\/www.cittainformatica.it\/#website","url":"https:\/\/www.cittainformatica.it\/","name":"Citt\u00e0 Informatica","description":"Punto vendita ufficiale SHC","publisher":{"@id":"https:\/\/www.cittainformatica.it\/#organization"},"potentialAction":[{"@type":"SearchAction","target":{"@type":"EntryPoint","urlTemplate":"https:\/\/www.cittainformatica.it\/?s={search_term_string}"},"query-input":"required name=search_term_string"}],"inLanguage":"it-IT"},{"@type":"Organization","@id":"https:\/\/www.cittainformatica.it\/#organization","name":"Citt\u00e0 Informatica","url":"https:\/\/www.cittainformatica.it\/","logo":{"@type":"ImageObject","inLanguage":"it-IT","@id":"https:\/\/www.cittainformatica.it\/#\/schema\/logo\/image\/","url":"http:\/\/www.cittainformatica.it\/wp-content\/uploads\/2022\/09\/logo-1.png","contentUrl":"http:\/\/www.cittainformatica.it\/wp-content\/uploads\/2022\/09\/logo-1.png","width":301,"height":149,"caption":"Citt\u00e0 Informatica"},"image":{"@id":"https:\/\/www.cittainformatica.it\/#\/schema\/logo\/image\/"}},{"@type":"Person","@id":"https:\/\/www.cittainformatica.it\/#\/schema\/person\/808167c782123662c036f006d886ea1f","name":"prova","image":{"@type":"ImageObject","inLanguage":"it-IT","@id":"https:\/\/www.cittainformatica.it\/#\/schema\/person\/image\/","url":"https:\/\/secure.gravatar.com\/avatar\/ee2cc47e552fbb3172e29f053d8e476a329c83547672f57abe52d45d8e6384ec?s=96&d=mm&r=g","contentUrl":"https:\/\/secure.gravatar.com\/avatar\/ee2cc47e552fbb3172e29f053d8e476a329c83547672f57abe52d45d8e6384ec?s=96&d=mm&r=g","caption":"prova"},"url":"https:\/\/www.cittainformatica.it\/?author=2"}]}},"_links":{"self":[{"href":"https:\/\/www.cittainformatica.it\/index.php?rest_route=\/wp\/v2\/posts\/23297","targetHints":{"allow":["GET"]}}],"collection":[{"href":"https:\/\/www.cittainformatica.it\/index.php?rest_route=\/wp\/v2\/posts"}],"about":[{"href":"https:\/\/www.cittainformatica.it\/index.php?rest_route=\/wp\/v2\/types\/post"}],"author":[{"embeddable":true,"href":"https:\/\/www.cittainformatica.it\/index.php?rest_route=\/wp\/v2\/users\/2"}],"replies":[{"embeddable":true,"href":"https:\/\/www.cittainformatica.it\/index.php?rest_route=%2Fwp%2Fv2%2Fcomments&post=23297"}],"version-history":[{"count":1,"href":"https:\/\/www.cittainformatica.it\/index.php?rest_route=\/wp\/v2\/posts\/23297\/revisions"}],"predecessor-version":[{"id":23298,"href":"https:\/\/www.cittainformatica.it\/index.php?rest_route=\/wp\/v2\/posts\/23297\/revisions\/23298"}],"wp:attachment":[{"href":"https:\/\/www.cittainformatica.it\/index.php?rest_route=%2Fwp%2Fv2%2Fmedia&parent=23297"}],"wp:term":[{"taxonomy":"category","embeddable":true,"href":"https:\/\/www.cittainformatica.it\/index.php?rest_route=%2Fwp%2Fv2%2Fcategories&post=23297"},{"taxonomy":"post_tag","embeddable":true,"href":"https:\/\/www.cittainformatica.it\/index.php?rest_route=%2Fwp%2Fv2%2Ftags&post=23297"}],"curies":[{"name":"wp","href":"https:\/\/api.w.org\/{rel}","templated":true}]}}