{"id":11238,"date":"2026-04-29T12:07:33","date_gmt":"2026-04-29T10:07:33","guid":{"rendered":"https:\/\/www.cittainformatica.it\/?p=11238"},"modified":"2026-02-17T00:47:26","modified_gmt":"2026-02-16T23:47:26","slug":"als-ersatz-pegnitz-will-verwaltungsschule-4","status":"publish","type":"post","link":"https:\/\/www.cittainformatica.it\/?p=11238","title":{"rendered":"Als Ersatz: Pegnitz will Verwaltungsschule Bayreuther Land Nordbayerischer Kurier"},"content":{"rendered":"<div id=\"toc\" style=\"background: #f9f9f9;border: 1px solid #aaa;margin-bottom: 1em;padding: 1em;width: 350px\">\n<p class=\"toctitle\" style=\"font-weight: 700;text-align: center\">Content<\/p>\n<ul class=\"toc_list\">\n<li><a href=\"#toc-0\">Von der Hotelfachschule zur Business School<\/a><\/li>\n<li><a href=\"#toc-1\">Berufsfachschulen f\u00fcr Hotel- und Tourismusmanagement<\/a><\/li>\n<li><a href=\"#toc-3\">Aus und vorbei: Kreistag Bayreuth beschlie\u00dft das Ende f\u00fcr die Hotelfachschule Pegnitz<\/a><\/li>\n<li><a href=\"#toc-5\">Aus dem Branchenbuch Interessante Anbieter in der N\u00e4he<\/a><\/li>\n<\/ul>\n<\/div>\n<p>Messestand der Hotel- und Berufsfachschule Pegnitz mit demStellvertretenden Schulleiter Hermann Liebert. Juni \u00fcber die Hotelfachschule beraten und eine Empfehlung an den Kreistag beschlie\u00dfen. Die Hotelfachschule solle trotz der alarmierenden Zahlen eine Chance bekommen, so die Ansicht von Franc Dierl (CSU), Thomas Appel (Gr\u00fcne) und Andreas Opel (Junge Liste) in der Sitzung des Kulturausschusses. Sollten keine weiteren Anmeldungen hinzukommen, so w\u00fcrde die Sch\u00fclerzahl im neuen Schuljahr in der Hotelfachschule mit Fachstufe dann 16 Sch\u00fcler und bei der Berufsfachschule f\u00fcr Hotelmanagement mit Fachstufe 19 Sch\u00fcler betragen.<\/p>\n<h2 id=\"toc-0\">Von der Hotelfachschule zur Business School<\/h2>\n<p>Der Landkreis als Schultr\u00e4ger ist auf der Homepage mit der Einrichtung verlinkt und ver\u00f6ffentlicht auch deren Veranstaltungen auf seiner Homepage. Ferner wolle man mit der Akademie f\u00fcr Hotel- und Tourismusmanagement Pilsen zusammenarbeiten. Au\u00dferdem soll nach dem Willen des Gremiums die Homepage der Schulen aktualisiert und Image-Videos erstellt werden. Werbebanner sollen k\u00fcnftig auf die Einrichtung des Landkreises hinweisen; das Landratsamt Bayreuth und die Stadt Pegnitz haben deren Aufstellung bereits zugestimmt. Die Mitglieder der Strategiegruppe verst\u00fcnden sich als Ausbildungsbotschafter f\u00fcr die Schulen, erkl\u00e4rt G\u00f6rner-G\u00fctling.<\/p>\n<h3 id=\"toc-1\">Berufsfachschulen f\u00fcr Hotel- und Tourismusmanagement<\/h3>\n<p>F\u00fcr die dreij\u00e4hrige Ausbildung in der Berufsfachschule gibt es zw\u00f6lf Anmeldungen. Es gelte den Eindruck zu vermeiden, der Ausschuss wolle die Hotelfachschule beerdigen, so Dierl am Telefon. Alle Werbema\u00dfnahmen \u2013 darunter die Betreuung der Website, die Erstellung von Flyern, die Bewerbung in sozialen Medien sowie die Vereinbarung von Messen \u2013 werden im Rahmen des Budgets f\u00fcr \u00d6ffentlichkeit von der Hotelfachschule selbst durchgef\u00fchrt.<\/p>\n<p>Die Hotelfachschule Pegnitz tritt seit der Gr\u00fcndung im Jahr 1990 stets auf allen Fachmessen des Berufsverbands DEHOGA Bayern e.V., ob in N\u00fcrnberg oder M\u00fcnchen, als Austeller auf. Von Seiten der Hotelfachschule Pegnitz sind Schulleiter L\u00e4nger, Sandra Wiesent und Toni Gervasio dabei, von der Berufsfachschule Pegnitz Dawid Eckert sowie Renate Kaiser. Der Kreistag hat das Ende f\u00fcr die Hotelfachschule Pegnitz beschlossen. Dadurch st\u00fcnden mehr Bewerber zur Verf\u00fcgung und es w\u00fcrden dadurch auch die Fachoberschulen entlastet. Davon sind 27 staatliche Hochschulen (incl. vier Hochschulen mit Beteiligung ausl\u00e4ndischer Akteure und einer Hochschule unter der Aufsicht anderer \u00c4mter). Eine weitere Idee der Fraktion ist, einw\u00f6chige Sch\u00fclerpraktika in Kooperation mit den umliegenden Mittelschulen, Realschulen und Gymnasien anzubieten.<\/p>\n<ul>\n<li>Armenisch kann man an privaten Sprachschulen lernen.<\/li>\n<li>Deshalb wollte er bereits die Option auf eine Nachnutzung der R\u00e4ume offen halten, bevor feststand, dass die Hotelfachschule geschlossen wird.<\/li>\n<li>Durch die Anwendung des DQR werden die Kompetenzen eines Menschen zum Ma\u00dfstab der Bewertung seiner Bildung, unabh\u00e4ngig davon, wo diese Kompetenzen erworben wurden.<\/li>\n<li>Bis zuletzt dauerten die Rettungsversuche f\u00fcr das einstige Aush\u00e4ngeschild des Landkreises an.<\/li>\n<\/ul>\n<h3 id=\"toc-2\">Weiterbildungsangebot<\/h3>\n<p>Oder Sie melden sich bei der Jugendberufsagentur. Die Anmeldung in LUSD \u00fcbernimmt Ihre abgebende Schule vor. Melden Sie sich bei uns, wir beraten Sie sehr gern. Hierf\u00fcr nutzen wir vor allem den Lernraum Berlin. Im Bereich Ern\u00e4hrung, Gastronomie oder Hotelwesen wunderbar einbringen k\u00f6nnen.<\/p>\n<h2 id=\"toc-3\">Aus und vorbei: Kreistag Bayreuth beschlie\u00dft das Ende f\u00fcr die Hotelfachschule Pegnitz<\/h2>\n<p>David, warum hast du die Hotelfachschule besucht? Franzi, warum Weiterbildung in der Gastronomie? Zudem habe ich im letzten Herbst die Aufgabe bekommen, als Hauptverantwortlicher im Bereich Service ein neues Gourmet-Restaurant ( Gourmet bei Hausers) zu planen und zu er\u00f6ffnen, welches einen sehr guten Start hatte und mittlerweile einen sehr guten Namen in der Region hat. Dort arbeiten wir beide zusammen in Grindelwald im 4-Sterne superior Hotel Belvedere. Um uns sowohl beruflich, als auch pers\u00f6nlich weiterzuentwickeln, haben wir uns nach unserem Abschluss dazu entschieden in die Schweiz zu ziehen. Olivia &amp; Felix, inwiefern hat euch die Hotelfachschule weitergebracht?<\/p>\n<h2 id=\"toc-4\">Fasching in der St\u00e4dtischen B\u00fcrgerbegegnungsst\u00e4tte in Bayreuth<\/h2>\n<p>Ein schwieriges Thema, mit dem sich jetzt sowohl der Ausschuss f\u00fcr Kultur und Soziales als auch der Kreisausschuss befassen werden. So gro\u00df, dass inzwischen die Kreisverwaltung den politischen Gremien eine Aufl\u00f6sung der Schule vorschl\u00e4gt. Wie gelingt es dem Unternehmen, Jahr f\u00fcr Jahr neue Ma\u00dfst\u00e4be zu setzen? Vom ersten Funken einer Idee bis zum \u00adfertigen Produkt durchl\u00e4uft beim Foodservice-Anbieter Salomon FoodWorld jede Innovation einen Prozess, der Kreativit\u00e4t, Pr\u00e4zision und Marktkenntnis vereint. Es ist eine Ideenschmiede, die Trends aus <a href=\"https:\/\/www.hotelfachschule-pegnitz.de\/\">hotelfachschule-pegnitz<\/a> aller Welt aufgreift, um sie zu markt\u00adf\u00e4higen Konzepten zu formen.<\/p>\n<h3 id=\"toc-5\">Aus dem Branchenbuch Interessante Anbieter in der N\u00e4he<\/h3>\n<p>Der Studiengang, der jetzt den Hotel- und Gastronomieexperten frei steht, tr\u00e4gt den Namen \u201eHandels- und Dienstleistungsmanagement\u201c und soll branchenspezifisch gelehrt werden. Noch ist die Information so frisch, dass gar nicht viele Worte dar\u00fcber verloren werden k\u00f6nnen. F\u00fcr die angehenden Fachkr\u00e4fte bedeutet das eine weitere Weiterbildungsm\u00f6glichkeit. Die Planung und die Bewerbung f\u00fcr eine Karriere im Anschluss an die Hotelfachschule k\u00f6nnen ab jetzt noch zielgerichteter erfolgen.\u00bb Pflichtf\u00e4cher sind daher unter anderem Wirtschaftsrecht, Marketing, Finanzwirtschaft\/Unternehmensbesteuerung, Buchf\u00fchrung, Kosten- und Leistungsrechnung, Hotelorganisation, Informationsverarbeitung, Lebensmitteltechnologie, Personalwesen mit Arbeitsrecht, Volkswirtschaft, Wirtschafts- und Sozialkunde, Deutsch und Englisch.Zus\u00e4tzlich zum Pflichtprogramm w\u00e4hlen die Fortbildungsteilnehmer aus einem differenzierten Angebot an Wahlpflichtf\u00e4chern. In der Kombination des Unterrichts und der individuellen Auswahl der Pr\u00fcfungsf\u00e4cher legen sie den Grundstein f\u00fcr eine branchenspezifische Vertiefung, eine planm\u00e4\u00dfige Vorbereitung auf die berufliche Praxis oder f\u00fcr ein weiterf\u00fchrendes Studium.Das Pflichtprogramm gestaltet sich nach wie vor als kaufm\u00e4nnische Fortbildung mit branchenspezifischen Inhalten der Lebensmitteltechnologie, Hotelorganisation und dem Erwerb mindestens einer Fremdsprache.<\/p>\n","protected":false},"excerpt":{"rendered":"<p>Content Von der Hotelfachschule zur Business School Berufsfachschulen f\u00fcr Hotel- und Tourismusmanagement Aus und vorbei: Kreistag Bayreuth beschlie\u00dft das Ende f\u00fcr die Hotelfachschule Pegnitz Aus dem Branchenbuch Interessante Anbieter in der N\u00e4he Messestand der Hotel- und Berufsfachschule Pegnitz mit demStellvertretenden Schulleiter Hermann Liebert. Juni \u00fcber die Hotelfachschule beraten und eine Empfehlung an den Kreistag beschlie\u00dfen. [&hellip;]<\/p>\n","protected":false},"author":2,"featured_media":0,"comment_status":"closed","ping_status":"open","sticky":false,"template":"","format":"standard","meta":{"footnotes":""},"categories":[1],"tags":[],"class_list":["post-11238","post","type-post","status-publish","format-standard","hentry","category-senza-categoria"],"yoast_head":"<!-- This site is optimized with the Yoast SEO plugin v20.9 - https:\/\/yoast.com\/wordpress\/plugins\/seo\/ -->\n<title>Als Ersatz: Pegnitz will Verwaltungsschule Bayreuther Land Nordbayerischer Kurier - Citt\u00e0 Informatica<\/title>\n<meta name=\"robots\" content=\"index, follow, max-snippet:-1, max-image-preview:large, max-video-preview:-1\" \/>\n<link rel=\"canonical\" href=\"https:\/\/www.cittainformatica.it\/?p=11238\" \/>\n<meta property=\"og:locale\" content=\"it_IT\" \/>\n<meta property=\"og:type\" content=\"article\" \/>\n<meta property=\"og:title\" content=\"Als Ersatz: Pegnitz will Verwaltungsschule Bayreuther Land Nordbayerischer Kurier - Citt\u00e0 Informatica\" \/>\n<meta property=\"og:description\" content=\"Content Von der Hotelfachschule zur Business School Berufsfachschulen f\u00fcr Hotel- und Tourismusmanagement Aus und vorbei: Kreistag Bayreuth beschlie\u00dft das Ende f\u00fcr die Hotelfachschule Pegnitz Aus dem Branchenbuch Interessante Anbieter in der N\u00e4he Messestand der Hotel- und Berufsfachschule Pegnitz mit demStellvertretenden Schulleiter Hermann Liebert. Juni \u00fcber die Hotelfachschule beraten und eine Empfehlung an den Kreistag beschlie\u00dfen. [&hellip;]\" \/>\n<meta property=\"og:url\" content=\"https:\/\/www.cittainformatica.it\/?p=11238\" \/>\n<meta property=\"og:site_name\" content=\"Citt\u00e0 Informatica\" \/>\n<meta property=\"article:published_time\" content=\"2026-04-29T10:07:33+00:00\" \/>\n<meta property=\"article:modified_time\" content=\"2026-02-16T23:47:26+00:00\" \/>\n<meta name=\"author\" content=\"prova\" \/>\n<meta name=\"twitter:card\" content=\"summary_large_image\" \/>\n<meta name=\"twitter:label1\" content=\"Scritto da\" \/>\n\t<meta name=\"twitter:data1\" content=\"prova\" \/>\n\t<meta name=\"twitter:label2\" content=\"Tempo di lettura stimato\" \/>\n\t<meta name=\"twitter:data2\" content=\"5 minuti\" \/>\n<script type=\"application\/ld+json\" class=\"yoast-schema-graph\">{\"@context\":\"https:\/\/schema.org\",\"@graph\":[{\"@type\":\"Article\",\"@id\":\"https:\/\/www.cittainformatica.it\/?p=11238#article\",\"isPartOf\":{\"@id\":\"https:\/\/www.cittainformatica.it\/?p=11238\"},\"author\":{\"name\":\"prova\",\"@id\":\"https:\/\/www.cittainformatica.it\/#\/schema\/person\/808167c782123662c036f006d886ea1f\"},\"headline\":\"Als Ersatz: Pegnitz will Verwaltungsschule Bayreuther Land Nordbayerischer Kurier\",\"datePublished\":\"2026-04-29T10:07:33+00:00\",\"dateModified\":\"2026-02-16T23:47:26+00:00\",\"mainEntityOfPage\":{\"@id\":\"https:\/\/www.cittainformatica.it\/?p=11238\"},\"wordCount\":945,\"publisher\":{\"@id\":\"https:\/\/www.cittainformatica.it\/#organization\"},\"inLanguage\":\"it-IT\"},{\"@type\":\"WebPage\",\"@id\":\"https:\/\/www.cittainformatica.it\/?p=11238\",\"url\":\"https:\/\/www.cittainformatica.it\/?p=11238\",\"name\":\"Als Ersatz: Pegnitz will Verwaltungsschule Bayreuther Land Nordbayerischer Kurier - Citt\u00e0 Informatica\",\"isPartOf\":{\"@id\":\"https:\/\/www.cittainformatica.it\/#website\"},\"datePublished\":\"2026-04-29T10:07:33+00:00\",\"dateModified\":\"2026-02-16T23:47:26+00:00\",\"breadcrumb\":{\"@id\":\"https:\/\/www.cittainformatica.it\/?p=11238#breadcrumb\"},\"inLanguage\":\"it-IT\",\"potentialAction\":[{\"@type\":\"ReadAction\",\"target\":[\"https:\/\/www.cittainformatica.it\/?p=11238\"]}]},{\"@type\":\"BreadcrumbList\",\"@id\":\"https:\/\/www.cittainformatica.it\/?p=11238#breadcrumb\",\"itemListElement\":[{\"@type\":\"ListItem\",\"position\":1,\"name\":\"Home\",\"item\":\"https:\/\/www.cittainformatica.it\/\"},{\"@type\":\"ListItem\",\"position\":2,\"name\":\"Als Ersatz: Pegnitz will Verwaltungsschule Bayreuther Land Nordbayerischer Kurier\"}]},{\"@type\":\"WebSite\",\"@id\":\"https:\/\/www.cittainformatica.it\/#website\",\"url\":\"https:\/\/www.cittainformatica.it\/\",\"name\":\"Citt\u00e0 Informatica\",\"description\":\"Punto vendita ufficiale SHC\",\"publisher\":{\"@id\":\"https:\/\/www.cittainformatica.it\/#organization\"},\"potentialAction\":[{\"@type\":\"SearchAction\",\"target\":{\"@type\":\"EntryPoint\",\"urlTemplate\":\"https:\/\/www.cittainformatica.it\/?s={search_term_string}\"},\"query-input\":\"required name=search_term_string\"}],\"inLanguage\":\"it-IT\"},{\"@type\":\"Organization\",\"@id\":\"https:\/\/www.cittainformatica.it\/#organization\",\"name\":\"Citt\u00e0 Informatica\",\"url\":\"https:\/\/www.cittainformatica.it\/\",\"logo\":{\"@type\":\"ImageObject\",\"inLanguage\":\"it-IT\",\"@id\":\"https:\/\/www.cittainformatica.it\/#\/schema\/logo\/image\/\",\"url\":\"http:\/\/www.cittainformatica.it\/wp-content\/uploads\/2022\/09\/logo-1.png\",\"contentUrl\":\"http:\/\/www.cittainformatica.it\/wp-content\/uploads\/2022\/09\/logo-1.png\",\"width\":301,\"height\":149,\"caption\":\"Citt\u00e0 Informatica\"},\"image\":{\"@id\":\"https:\/\/www.cittainformatica.it\/#\/schema\/logo\/image\/\"}},{\"@type\":\"Person\",\"@id\":\"https:\/\/www.cittainformatica.it\/#\/schema\/person\/808167c782123662c036f006d886ea1f\",\"name\":\"prova\",\"image\":{\"@type\":\"ImageObject\",\"inLanguage\":\"it-IT\",\"@id\":\"https:\/\/www.cittainformatica.it\/#\/schema\/person\/image\/\",\"url\":\"https:\/\/secure.gravatar.com\/avatar\/ee2cc47e552fbb3172e29f053d8e476a329c83547672f57abe52d45d8e6384ec?s=96&d=mm&r=g\",\"contentUrl\":\"https:\/\/secure.gravatar.com\/avatar\/ee2cc47e552fbb3172e29f053d8e476a329c83547672f57abe52d45d8e6384ec?s=96&d=mm&r=g\",\"caption\":\"prova\"},\"url\":\"https:\/\/www.cittainformatica.it\/?author=2\"}]}<\/script>\n<!-- \/ Yoast SEO plugin. -->","yoast_head_json":{"title":"Als Ersatz: Pegnitz will Verwaltungsschule Bayreuther Land Nordbayerischer Kurier - Citt\u00e0 Informatica","robots":{"index":"index","follow":"follow","max-snippet":"max-snippet:-1","max-image-preview":"max-image-preview:large","max-video-preview":"max-video-preview:-1"},"canonical":"https:\/\/www.cittainformatica.it\/?p=11238","og_locale":"it_IT","og_type":"article","og_title":"Als Ersatz: Pegnitz will Verwaltungsschule Bayreuther Land Nordbayerischer Kurier - Citt\u00e0 Informatica","og_description":"Content Von der Hotelfachschule zur Business School Berufsfachschulen f\u00fcr Hotel- und Tourismusmanagement Aus und vorbei: Kreistag Bayreuth beschlie\u00dft das Ende f\u00fcr die Hotelfachschule Pegnitz Aus dem Branchenbuch Interessante Anbieter in der N\u00e4he Messestand der Hotel- und Berufsfachschule Pegnitz mit demStellvertretenden Schulleiter Hermann Liebert. Juni \u00fcber die Hotelfachschule beraten und eine Empfehlung an den Kreistag beschlie\u00dfen. [&hellip;]","og_url":"https:\/\/www.cittainformatica.it\/?p=11238","og_site_name":"Citt\u00e0 Informatica","article_published_time":"2026-04-29T10:07:33+00:00","article_modified_time":"2026-02-16T23:47:26+00:00","author":"prova","twitter_card":"summary_large_image","twitter_misc":{"Scritto da":"prova","Tempo di lettura stimato":"5 minuti"},"schema":{"@context":"https:\/\/schema.org","@graph":[{"@type":"Article","@id":"https:\/\/www.cittainformatica.it\/?p=11238#article","isPartOf":{"@id":"https:\/\/www.cittainformatica.it\/?p=11238"},"author":{"name":"prova","@id":"https:\/\/www.cittainformatica.it\/#\/schema\/person\/808167c782123662c036f006d886ea1f"},"headline":"Als Ersatz: Pegnitz will Verwaltungsschule Bayreuther Land Nordbayerischer Kurier","datePublished":"2026-04-29T10:07:33+00:00","dateModified":"2026-02-16T23:47:26+00:00","mainEntityOfPage":{"@id":"https:\/\/www.cittainformatica.it\/?p=11238"},"wordCount":945,"publisher":{"@id":"https:\/\/www.cittainformatica.it\/#organization"},"inLanguage":"it-IT"},{"@type":"WebPage","@id":"https:\/\/www.cittainformatica.it\/?p=11238","url":"https:\/\/www.cittainformatica.it\/?p=11238","name":"Als Ersatz: Pegnitz will Verwaltungsschule Bayreuther Land Nordbayerischer Kurier - Citt\u00e0 Informatica","isPartOf":{"@id":"https:\/\/www.cittainformatica.it\/#website"},"datePublished":"2026-04-29T10:07:33+00:00","dateModified":"2026-02-16T23:47:26+00:00","breadcrumb":{"@id":"https:\/\/www.cittainformatica.it\/?p=11238#breadcrumb"},"inLanguage":"it-IT","potentialAction":[{"@type":"ReadAction","target":["https:\/\/www.cittainformatica.it\/?p=11238"]}]},{"@type":"BreadcrumbList","@id":"https:\/\/www.cittainformatica.it\/?p=11238#breadcrumb","itemListElement":[{"@type":"ListItem","position":1,"name":"Home","item":"https:\/\/www.cittainformatica.it\/"},{"@type":"ListItem","position":2,"name":"Als Ersatz: Pegnitz will Verwaltungsschule Bayreuther Land Nordbayerischer Kurier"}]},{"@type":"WebSite","@id":"https:\/\/www.cittainformatica.it\/#website","url":"https:\/\/www.cittainformatica.it\/","name":"Citt\u00e0 Informatica","description":"Punto vendita ufficiale SHC","publisher":{"@id":"https:\/\/www.cittainformatica.it\/#organization"},"potentialAction":[{"@type":"SearchAction","target":{"@type":"EntryPoint","urlTemplate":"https:\/\/www.cittainformatica.it\/?s={search_term_string}"},"query-input":"required name=search_term_string"}],"inLanguage":"it-IT"},{"@type":"Organization","@id":"https:\/\/www.cittainformatica.it\/#organization","name":"Citt\u00e0 Informatica","url":"https:\/\/www.cittainformatica.it\/","logo":{"@type":"ImageObject","inLanguage":"it-IT","@id":"https:\/\/www.cittainformatica.it\/#\/schema\/logo\/image\/","url":"http:\/\/www.cittainformatica.it\/wp-content\/uploads\/2022\/09\/logo-1.png","contentUrl":"http:\/\/www.cittainformatica.it\/wp-content\/uploads\/2022\/09\/logo-1.png","width":301,"height":149,"caption":"Citt\u00e0 Informatica"},"image":{"@id":"https:\/\/www.cittainformatica.it\/#\/schema\/logo\/image\/"}},{"@type":"Person","@id":"https:\/\/www.cittainformatica.it\/#\/schema\/person\/808167c782123662c036f006d886ea1f","name":"prova","image":{"@type":"ImageObject","inLanguage":"it-IT","@id":"https:\/\/www.cittainformatica.it\/#\/schema\/person\/image\/","url":"https:\/\/secure.gravatar.com\/avatar\/ee2cc47e552fbb3172e29f053d8e476a329c83547672f57abe52d45d8e6384ec?s=96&d=mm&r=g","contentUrl":"https:\/\/secure.gravatar.com\/avatar\/ee2cc47e552fbb3172e29f053d8e476a329c83547672f57abe52d45d8e6384ec?s=96&d=mm&r=g","caption":"prova"},"url":"https:\/\/www.cittainformatica.it\/?author=2"}]}},"_links":{"self":[{"href":"https:\/\/www.cittainformatica.it\/index.php?rest_route=\/wp\/v2\/posts\/11238","targetHints":{"allow":["GET"]}}],"collection":[{"href":"https:\/\/www.cittainformatica.it\/index.php?rest_route=\/wp\/v2\/posts"}],"about":[{"href":"https:\/\/www.cittainformatica.it\/index.php?rest_route=\/wp\/v2\/types\/post"}],"author":[{"embeddable":true,"href":"https:\/\/www.cittainformatica.it\/index.php?rest_route=\/wp\/v2\/users\/2"}],"replies":[{"embeddable":true,"href":"https:\/\/www.cittainformatica.it\/index.php?rest_route=%2Fwp%2Fv2%2Fcomments&post=11238"}],"version-history":[{"count":1,"href":"https:\/\/www.cittainformatica.it\/index.php?rest_route=\/wp\/v2\/posts\/11238\/revisions"}],"predecessor-version":[{"id":11239,"href":"https:\/\/www.cittainformatica.it\/index.php?rest_route=\/wp\/v2\/posts\/11238\/revisions\/11239"}],"wp:attachment":[{"href":"https:\/\/www.cittainformatica.it\/index.php?rest_route=%2Fwp%2Fv2%2Fmedia&parent=11238"}],"wp:term":[{"taxonomy":"category","embeddable":true,"href":"https:\/\/www.cittainformatica.it\/index.php?rest_route=%2Fwp%2Fv2%2Fcategories&post=11238"},{"taxonomy":"post_tag","embeddable":true,"href":"https:\/\/www.cittainformatica.it\/index.php?rest_route=%2Fwp%2Fv2%2Ftags&post=11238"}],"curies":[{"name":"wp","href":"https:\/\/api.w.org\/{rel}","templated":true}]}}